{"id":3208,"date":"2023-11-27T09:15:08","date_gmt":"2023-11-27T09:15:08","guid":{"rendered":"https:\/\/ffcolucci-chef.com\/?p=3208"},"modified":"2023-11-27T09:23:29","modified_gmt":"2023-11-27T09:23:29","slug":"holidays-with-a-private-chef","status":"publish","type":"post","link":"https:\/\/ffcolucci-chef.com\/es\/holidays-with-a-private-chef\/","title":{"rendered":"Celebrar las fiestas en Mallorca con un chef privado: todo diversi\u00f3n y nada de trabajo"},"content":{"rendered":"<p class=\"wp-block-paragraph\">Con la llegada de diciembre comienzan muchas celebraciones divertidas con amigos y familiares. Son los mejores momentos para sentarse a la mesa, saborear deliciosas comidas, disfrutar de la buena compa\u00f1\u00eda y crear recuerdos para toda la vida. \u00bfY qu\u00e9 mejor manera de hacerlo que contar con un chef privado en Mallorca para celebrar lo que traen las fiestas navide\u00f1as? Con estilo y sin preocupaciones, \u00a1cada ocasi\u00f3n especial s\u00f3lo ser\u00e1 m\u00e1s memorable!<br><br>Como chef personal en Mallorca, siempre que preparo mis creaciones culinarias en su casa, puede estar seguro de que ser\u00e1 un acontecimiento inolvidable para todos sus invitados. Independientemente de si se trata de una comida adecuada, un c\u00f3ctel elegante, un aperitivo sabroso, la cena de Navidad o la llegada del nuevo a\u00f1o, \u00a1me asegurar\u00e9 de que quede satisfecho con los resultados! Cada evento asignado a mi cocina ser\u00e1 sin\u00f3nimo de elegancia, atenci\u00f3n al detalle, frescura y sabores inigualables.<br><br>Al contratarme como chef privado en Mallorca, podr\u00e1s ver c\u00f3mo tu cocina se transforma en un restaurante de alta cocina cuando pongamos nuestra magia en acci\u00f3n. \u00a1No tendr\u00e1s de qu\u00e9 preocuparte!<\/p>\n\n\n\n<p class=\"wp-block-paragraph\"><\/p>\n\n\n\n<h3 class=\"has-normal-font-size wp-block-heading\"><strong>Men\u00fas personalizados en Mallorca<\/strong><\/h3>\n\n\n\n<figure class=\"wp-block-image size-large is-resized is-style-default\"><img loading=\"lazy\" decoding=\"async\" src=\"https:\/\/ffcolucci-chef.com\/wp-content\/uploads\/2021\/01\/chef-dish-3-1024x651.jpg\" alt=\"Chef's dish\" class=\"wp-image-2631\" width=\"512\" height=\"326\" srcset=\"https:\/\/ffcolucci-chef.com\/wp-content\/uploads\/2021\/01\/chef-dish-3-1024x651.jpg 1024w, https:\/\/ffcolucci-chef.com\/wp-content\/uploads\/2021\/01\/chef-dish-3-300x191.jpg 300w, https:\/\/ffcolucci-chef.com\/wp-content\/uploads\/2021\/01\/chef-dish-3-768x488.jpg 768w, https:\/\/ffcolucci-chef.com\/wp-content\/uploads\/2021\/01\/chef-dish-3-1536x976.jpg 1536w, https:\/\/ffcolucci-chef.com\/wp-content\/uploads\/2021\/01\/chef-dish-3-250x159.jpg 250w, https:\/\/ffcolucci-chef.com\/wp-content\/uploads\/2021\/01\/chef-dish-3-1366x868.jpg 1366w, https:\/\/ffcolucci-chef.com\/wp-content\/uploads\/2021\/01\/chef-dish-3-480x305.jpg 480w, https:\/\/ffcolucci-chef.com\/wp-content\/uploads\/2021\/01\/chef-dish-3.jpg 1700w\" sizes=\"auto, (max-width: 512px) 100vw, 512px\" \/><\/figure>\n\n\n\n<p class=\"wp-block-paragraph\">Tener un chef privado en casa por Navidad tiene tantas ventajas que le resultar\u00e1 dif\u00edcil resistirse. Elaborar men\u00fas personalizados en Mallorca para complacer a todos los paladares seg\u00fan sus gustos es nuestro objetivo final. Es lo que conseguiremos mediante la elaboraci\u00f3n de un surtido de refinadas creaciones culinarias.<\/p>\n\n\n\n<p class=\"wp-block-paragraph\">Complacer cada paladar con un men\u00fa ajustado a las preferencias del cliente es una de mis especialidades como chef personal en Mallorca. Por este motivo, junto con los anfitriones, dise\u00f1ar\u00e9 una propuesta de men\u00fa para que cada plato alcance todos los puntos deseados para disfrutar adecuadamente de la celebraci\u00f3n. Adem\u00e1s, como chef me aseguro de tener en cuenta cualquier posible alergia o petici\u00f3n especial que puedan tener mis clientes. De esta forma, todos sus invitados podr\u00e1n comer a gusto sin tener nada de lo que preocuparse.<\/p>\n\n\n\n<p class=\"wp-block-paragraph\"><\/p>\n\n\n\n<h3 class=\"has-normal-font-size wp-block-heading\">Pruebe los nuevos sabores italianos y los platos internacionales<\/h3>\n\n\n\n<p class=\"wp-block-paragraph\">Lo que me ha permitido convertirme en el mejor chef privado de cocina italiana en Mallorca tienen que ser mis ra\u00edces. Desde la deliciosa comida casera de la Costa Amalfitana que cocinaban tanto mi abuela como mi madre, hasta mis estudios culinarios cerca de N\u00e1poles, a mi carrera culinaria no le ha faltado inspiraci\u00f3n. Pero esto es s\u00f3lo una muestra de todas las experiencias gastron\u00f3micas que puedo ofrecer en su mesa. Tras haber trabajado durante a\u00f1os en restaurantes de renombre en Londres, Rusia e incluso como chef personal de un pr\u00edncipe \u00e1rabe, la variedad es una garant\u00eda en mi cocina.<br><br>Desde mi llegada a Mallorca en 2014, decid\u00ed ofrecer mis creaciones culinarias como chef personal y privado. Esto me ha permitido ofrecer una experiencia m\u00e1s exclusiva a cada uno de mis clientes, ya sea a trav\u00e9s de sabores tradicionales o nuevas tendencias que conquistan tus sentidos en eventos \u00fanicos.<br><br>Y, por supuesto, cuando se trata de eventos invernales, el men\u00fa personalizado puede adaptarse a las tradiciones navide\u00f1as. Puede incluir platos t\u00edpicos con los que el anfitri\u00f3n creci\u00f3, as\u00ed como platos m\u00e1s nuevos e innovadores. La flexibilidad es parte de lo que me distingue a la hora de crear la propuesta gastron\u00f3mica ideal para celebrar las fiestas.<\/p>\n\n\n\n<p class=\"wp-block-paragraph\"><\/p>\n\n\n\n<h3 class=\"has-normal-font-size wp-block-heading\">Disfrute de un evento sin estr\u00e9s con su Chef Privado en Mallorca<\/h3>\n\n\n\n<figure class=\"wp-block-image size-large is-resized\"><img loading=\"lazy\" decoding=\"async\" src=\"https:\/\/ffcolucci-chef.com\/wp-content\/uploads\/2021\/01\/chef1-1024x576.jpg\" alt=\"Chef's dish\" class=\"wp-image-2600\" width=\"512\" height=\"288\" srcset=\"https:\/\/ffcolucci-chef.com\/wp-content\/uploads\/2021\/01\/chef1-1024x576.jpg 1024w, https:\/\/ffcolucci-chef.com\/wp-content\/uploads\/2021\/01\/chef1-300x169.jpg 300w, https:\/\/ffcolucci-chef.com\/wp-content\/uploads\/2021\/01\/chef1-768x432.jpg 768w, https:\/\/ffcolucci-chef.com\/wp-content\/uploads\/2021\/01\/chef1-1536x864.jpg 1536w, https:\/\/ffcolucci-chef.com\/wp-content\/uploads\/2021\/01\/chef1-250x141.jpg 250w, https:\/\/ffcolucci-chef.com\/wp-content\/uploads\/2021\/01\/chef1-1366x768.jpg 1366w, https:\/\/ffcolucci-chef.com\/wp-content\/uploads\/2021\/01\/chef1-480x270.jpg 480w, https:\/\/ffcolucci-chef.com\/wp-content\/uploads\/2021\/01\/chef1.jpg 1920w\" sizes=\"auto, (max-width: 512px) 100vw, 512px\" \/><\/figure>\n\n\n\n<p class=\"wp-block-paragraph\">Adem\u00e1s, antes, durante y despu\u00e9s de la celebraci\u00f3n tendr\u00e1s todo tu tiempo para dedicarte a lo que m\u00e1s te apetezca y por supuesto para prestar toda tu atenci\u00f3n a los invitados.<\/p>\n\n\n\n<p class=\"wp-block-paragraph\">Contratando un chef personal para sus eventos navide\u00f1os, le garantizo que no tendr\u00e1 que preocuparse de nada. Todo est\u00e1 pensado hasta el m\u00e1s m\u00ednimo detalle para que t\u00fa y tus invitados s\u00f3lo teng\u00e1is que centraros en disfrutar de las Fiestas con una experiencia gastron\u00f3mica de alta cocina. Antes, durante y despu\u00e9s de la celebraci\u00f3n podr\u00e1s dedicar todo tu tiempo a lo que m\u00e1s quieres y, por supuesto, poder prestar toda tu atenci\u00f3n a tus invitados.<br><\/p>\n\n\n\n<p class=\"wp-block-paragraph\"><\/p>\n\n\n\n<h3 class=\"has-normal-font-size wp-block-heading\">Ingredientes locales, frescos y de alta calidad<\/h3>\n\n\n\n<figure class=\"wp-block-image size-large is-resized\"><img loading=\"lazy\" decoding=\"async\" src=\"https:\/\/ffcolucci-chef.com\/wp-content\/uploads\/2021\/01\/pasta2-1024x576.jpg\" alt=\"Chef's dish\" class=\"wp-image-2650\" width=\"512\" height=\"288\" srcset=\"https:\/\/ffcolucci-chef.com\/wp-content\/uploads\/2021\/01\/pasta2-1024x576.jpg 1024w, https:\/\/ffcolucci-chef.com\/wp-content\/uploads\/2021\/01\/pasta2-300x169.jpg 300w, https:\/\/ffcolucci-chef.com\/wp-content\/uploads\/2021\/01\/pasta2-768x432.jpg 768w, https:\/\/ffcolucci-chef.com\/wp-content\/uploads\/2021\/01\/pasta2-1536x864.jpg 1536w, https:\/\/ffcolucci-chef.com\/wp-content\/uploads\/2021\/01\/pasta2-250x141.jpg 250w, https:\/\/ffcolucci-chef.com\/wp-content\/uploads\/2021\/01\/pasta2-1366x768.jpg 1366w, https:\/\/ffcolucci-chef.com\/wp-content\/uploads\/2021\/01\/pasta2-480x270.jpg 480w, https:\/\/ffcolucci-chef.com\/wp-content\/uploads\/2021\/01\/pasta2.jpg 1920w\" sizes=\"auto, (max-width: 512px) 100vw, 512px\" \/><\/figure>\n\n\n\n<p class=\"wp-block-paragraph\">Una de las garant\u00edas que te ofrezco como Chef personal en Mallorca en mis propuestas culinarias es el uso exclusivo de productos de alta calidad, seleccionados personalmente por m\u00ed. Adem\u00e1s, la frescura de cada ingrediente es esencial para que cada plato tenga los sabores, aromas y texturas perfectos, por eso me gusta trabajar con productores locales.<\/p>\n\n\n\n<p class=\"wp-block-paragraph\">Como chef personal en Mallorca, tambi\u00e9n me encargo de comprar los mejores ingredientes para mis recetas. Estos los obtengo en tiendas gourmet especializadas, y al acudir all\u00ed en persona, me aseguro de conocer al detalle todas las exquisitas opciones que sirven de base para mis cursos.<\/p>\n\n\n\n<p class=\"wp-block-paragraph\">La cuidada selecci\u00f3n de los elementos que utilizo en cada comida, c\u00f3ctel o cena de Navidad son parte del \u00e9xito que me ha ayudado a conquistar a mis clientes en Mallorca.<\/p>\n\n\n\n<p class=\"wp-block-paragraph\"><\/p>\n\n\n\n<h3 class=\"has-normal-font-size wp-block-heading\">Perfecto para cenas \u00edntimas o grandes fiestas navide\u00f1as<\/h3>\n\n\n\n<p class=\"wp-block-paragraph\">No importa el tama\u00f1o del evento navide\u00f1o que planee celebrar estas fiestas, como chef privado puedo ofrecerle la experiencia gourmet perfecta para agasajar a sus invitados. Ya sea una cena \u00edntima con amigos, una comida de negocios con compa\u00f1eros de trabajo o la fiesta del a\u00f1o, recibir\u00e1 un men\u00fa de alta cocina personalizado para que esta extravagancia gastron\u00f3mica sea inolvidable.<\/p>\n\n\n\n<p class=\"wp-block-paragraph\"><\/p>\n\n\n\n<h3 class=\"has-normal-font-size wp-block-heading\">Privacidad y flexibilidad<\/h3>\n\n\n\n<p class=\"wp-block-paragraph\">Reservar una cena en un restaurante puede ser una opci\u00f3n, pero es raro encontrar uno disponible en la fecha y hora adecuadas durante la temporada navide\u00f1a. Por otra parte, organizando un evento navide\u00f1o con un chef personal a domicilio en Mallorca, no s\u00f3lo ganar\u00e1s flexibilidad a la hora de decidir el c\u00f3mo y el cu\u00e1ndo, sino que tambi\u00e9n disfrutar\u00e1s de cierta privacidad. Tendr\u00e1 toda la libertad para celebrar y relajarse con todos sus invitados sin tener que preocuparse de los horarios y restricciones de un establecimiento. En otras palabras, \u00a1podr\u00e1s tener tu pastel y com\u00e9rtelo tambi\u00e9n!<\/p>\n\n\n\n<p class=\"wp-block-paragraph\">A la hora de celebrar eventos navide\u00f1os con familiares y amigos, contar con un chef privado en Mallorca ser\u00e1 un gran regalo para todos los asistentes. Y por supuesto, un regalo para usted mismo como anfitri\u00f3n para disfrutar plenamente de un men\u00fa personalizado de alta cocina, celebrar sin preocupaciones, y responsabilidades m\u00ednimas, todo a su propio ritmo.<\/p>","protected":false},"excerpt":{"rendered":"<p>As December arrives, many fun celebrations with friends and family begin. These are the best moments to sit at the table, savor delicious meals, enjoy [&hellip;]<\/p>\n","protected":false},"author":1,"featured_media":2790,"comment_status":"open","ping_status":"open","sticky":false,"template":"","format":"standard","meta":{"_crdt_document":"","novablocks_hero_scroll_indicator":false,"novablocks_hero_position_indicators":false,"footnotes":""},"categories":[2,5],"tags":[65,62,89,66,67,61,71],"class_list":["post-3208","post","type-post","status-publish","format-standard","has-post-thumbnail","hentry","category-events","category-press","tag-catering","tag-chef-privado","tag-holidays-in-mallorca","tag-home-delivery-food","tag-menu-a-domicilio","tag-private-chef","tag-private-event"],"yoast_head":"<!-- This site is optimized with the Yoast SEO plugin v27.0 - https:\/\/yoast.com\/product\/yoast-seo-wordpress\/ -->\n<title>Holidays in Mallorca with a Private Chef - Francesco Flavio Colucci<\/title>\n<meta name=\"description\" content=\"There are so many advantages to having a private chef at home for Christmas that it will be difficult for you to resist.\" \/>\n<meta name=\"robots\" content=\"index, follow, max-snippet:-1, max-image-preview:large, max-video-preview:-1\" \/>\n<link rel=\"canonical\" href=\"https:\/\/ffcolucci-chef.com\/es\/holidays-with-a-private-chef\/\" \/>\n<meta property=\"og:locale\" content=\"es_ES\" \/>\n<meta property=\"og:type\" content=\"article\" \/>\n<meta property=\"og:title\" content=\"Holidays in Mallorca with a Private Chef - Francesco Flavio Colucci\" \/>\n<meta property=\"og:description\" content=\"There are so many advantages to having a private chef at home for Christmas that it will be difficult for you to resist.\" \/>\n<meta property=\"og:url\" content=\"https:\/\/ffcolucci-chef.com\/es\/holidays-with-a-private-chef\/\" \/>\n<meta property=\"og:site_name\" content=\"Francesco Flavio Colucci\" \/>\n<meta property=\"article:publisher\" content=\"https:\/\/www.facebook.com\/ffcolucci\/\" \/>\n<meta property=\"article:published_time\" content=\"2023-11-27T09:15:08+00:00\" \/>\n<meta property=\"article:modified_time\" content=\"2023-11-27T09:23:29+00:00\" \/>\n<meta property=\"og:image\" content=\"https:\/\/ffcolucci-chef.com\/wp-content\/uploads\/2021\/02\/about-chef-francesco-colucci.jpg\" \/>\n\t<meta property=\"og:image:width\" content=\"1920\" \/>\n\t<meta property=\"og:image:height\" content=\"1080\" \/>\n\t<meta property=\"og:image:type\" content=\"image\/jpeg\" \/>\n<meta name=\"author\" content=\"Francesco F. Colucci\" \/>\n<meta name=\"twitter:card\" content=\"summary_large_image\" \/>\n<meta name=\"twitter:label1\" content=\"Escrito por\" \/>\n\t<meta name=\"twitter:data1\" content=\"Francesco F. Colucci\" \/>\n\t<meta name=\"twitter:label2\" content=\"Tiempo de lectura\" \/>\n\t<meta name=\"twitter:data2\" content=\"6 minutos\" \/>\n<script type=\"application\/ld+json\" class=\"yoast-schema-graph\">{\"@context\":\"https:\/\/schema.org\",\"@graph\":[{\"@type\":\"Article\",\"@id\":\"https:\/\/ffcolucci-chef.com\/holidays-with-a-private-chef\/#article\",\"isPartOf\":{\"@id\":\"https:\/\/ffcolucci-chef.com\/holidays-with-a-private-chef\/\"},\"author\":{\"name\":\"Francesco F. Colucci\",\"@id\":\"https:\/\/ffcolucci-chef.com\/#\/schema\/person\/5452c3e1be8471e63f6cb6f01e0fbff8\"},\"headline\":\"Celebrating the Holidays in Mallorca with a Private Chef: all Fun and no Work\",\"datePublished\":\"2023-11-27T09:15:08+00:00\",\"dateModified\":\"2023-11-27T09:23:29+00:00\",\"mainEntityOfPage\":{\"@id\":\"https:\/\/ffcolucci-chef.com\/holidays-with-a-private-chef\/\"},\"wordCount\":1061,\"commentCount\":0,\"publisher\":{\"@id\":\"https:\/\/ffcolucci-chef.com\/#organization\"},\"image\":{\"@id\":\"https:\/\/ffcolucci-chef.com\/holidays-with-a-private-chef\/#primaryimage\"},\"thumbnailUrl\":\"https:\/\/ffcolucci-chef.com\/wp-content\/uploads\/2021\/02\/about-chef-francesco-colucci.jpg\",\"keywords\":[\"catering\",\"chef privado\",\"holidays in mallorca\",\"home delivery food\",\"men\u00fa a domicilio\",\"private chef\",\"private event\"],\"articleSection\":[\"Events\",\"Press\"],\"inLanguage\":\"es\",\"potentialAction\":[{\"@type\":\"CommentAction\",\"name\":\"Comment\",\"target\":[\"https:\/\/ffcolucci-chef.com\/holidays-with-a-private-chef\/#respond\"]}]},{\"@type\":\"WebPage\",\"@id\":\"https:\/\/ffcolucci-chef.com\/holidays-with-a-private-chef\/\",\"url\":\"https:\/\/ffcolucci-chef.com\/holidays-with-a-private-chef\/\",\"name\":\"Holidays in Mallorca with a Private Chef - Francesco Flavio Colucci\",\"isPartOf\":{\"@id\":\"https:\/\/ffcolucci-chef.com\/#website\"},\"primaryImageOfPage\":{\"@id\":\"https:\/\/ffcolucci-chef.com\/holidays-with-a-private-chef\/#primaryimage\"},\"image\":{\"@id\":\"https:\/\/ffcolucci-chef.com\/holidays-with-a-private-chef\/#primaryimage\"},\"thumbnailUrl\":\"https:\/\/ffcolucci-chef.com\/wp-content\/uploads\/2021\/02\/about-chef-francesco-colucci.jpg\",\"datePublished\":\"2023-11-27T09:15:08+00:00\",\"dateModified\":\"2023-11-27T09:23:29+00:00\",\"description\":\"There are so many advantages to having a private chef at home for Christmas that it will be difficult for you to resist.\",\"breadcrumb\":{\"@id\":\"https:\/\/ffcolucci-chef.com\/holidays-with-a-private-chef\/#breadcrumb\"},\"inLanguage\":\"es\",\"potentialAction\":[{\"@type\":\"ReadAction\",\"target\":[\"https:\/\/ffcolucci-chef.com\/holidays-with-a-private-chef\/\"]}]},{\"@type\":\"ImageObject\",\"inLanguage\":\"es\",\"@id\":\"https:\/\/ffcolucci-chef.com\/holidays-with-a-private-chef\/#primaryimage\",\"url\":\"https:\/\/ffcolucci-chef.com\/wp-content\/uploads\/2021\/02\/about-chef-francesco-colucci.jpg\",\"contentUrl\":\"https:\/\/ffcolucci-chef.com\/wp-content\/uploads\/2021\/02\/about-chef-francesco-colucci.jpg\",\"width\":1920,\"height\":1080,\"caption\":\"satisfaction chef\"},{\"@type\":\"BreadcrumbList\",\"@id\":\"https:\/\/ffcolucci-chef.com\/holidays-with-a-private-chef\/#breadcrumb\",\"itemListElement\":[{\"@type\":\"ListItem\",\"position\":1,\"name\":\"Home\",\"item\":\"https:\/\/ffcolucci-chef.com\/\"},{\"@type\":\"ListItem\",\"position\":2,\"name\":\"Celebrating the Holidays in Mallorca with a Private Chef: all Fun and no Work\"}]},{\"@type\":\"WebSite\",\"@id\":\"https:\/\/ffcolucci-chef.com\/#website\",\"url\":\"https:\/\/ffcolucci-chef.com\/\",\"name\":\"Francesco Flavio Colucci\",\"description\":\"Private Chef Mallorca\",\"publisher\":{\"@id\":\"https:\/\/ffcolucci-chef.com\/#organization\"},\"potentialAction\":[{\"@type\":\"SearchAction\",\"target\":{\"@type\":\"EntryPoint\",\"urlTemplate\":\"https:\/\/ffcolucci-chef.com\/?s={search_term_string}\"},\"query-input\":{\"@type\":\"PropertyValueSpecification\",\"valueRequired\":true,\"valueName\":\"search_term_string\"}}],\"inLanguage\":\"es\"},{\"@type\":\"Organization\",\"@id\":\"https:\/\/ffcolucci-chef.com\/#organization\",\"name\":\"Fracnesco Flavio Colucci\",\"url\":\"https:\/\/ffcolucci-chef.com\/\",\"logo\":{\"@type\":\"ImageObject\",\"inLanguage\":\"es\",\"@id\":\"https:\/\/ffcolucci-chef.com\/#\/schema\/logo\/image\/\",\"url\":\"https:\/\/ffcolucci-chef.com\/wp-content\/uploads\/2021\/02\/logo-chef-contact.png\",\"contentUrl\":\"https:\/\/ffcolucci-chef.com\/wp-content\/uploads\/2021\/02\/logo-chef-contact.png\",\"width\":800,\"height\":400,\"caption\":\"Fracnesco Flavio Colucci\"},\"image\":{\"@id\":\"https:\/\/ffcolucci-chef.com\/#\/schema\/logo\/image\/\"},\"sameAs\":[\"https:\/\/www.facebook.com\/ffcolucci\/\",\"https:\/\/www.instagram.com\/ffcolucci\/\"]},{\"@type\":\"Person\",\"@id\":\"https:\/\/ffcolucci-chef.com\/#\/schema\/person\/5452c3e1be8471e63f6cb6f01e0fbff8\",\"name\":\"Francesco F. Colucci\",\"image\":{\"@type\":\"ImageObject\",\"inLanguage\":\"es\",\"@id\":\"https:\/\/ffcolucci-chef.com\/#\/schema\/person\/image\/\",\"url\":\"https:\/\/ffcolucci-chef.com\/wp-content\/uploads\/2021\/02\/about-francesco-flavio-colucci-150x150.jpg\",\"contentUrl\":\"https:\/\/ffcolucci-chef.com\/wp-content\/uploads\/2021\/02\/about-francesco-flavio-colucci-150x150.jpg\",\"caption\":\"Francesco F. Colucci\"},\"sameAs\":[\"http:\/\/ffcolucci-chef.com\"],\"url\":\"https:\/\/ffcolucci-chef.com\/es\/author\/admin\/\"}]}<\/script>\n<!-- \/ Yoast SEO plugin. -->","yoast_head_json":{"title":"Holidays in Mallorca with a Private Chef - Francesco Flavio Colucci","description":"There are so many advantages to having a private chef at home for Christmas that it will be difficult for you to resist.","robots":{"index":"index","follow":"follow","max-snippet":"max-snippet:-1","max-image-preview":"max-image-preview:large","max-video-preview":"max-video-preview:-1"},"canonical":"https:\/\/ffcolucci-chef.com\/es\/holidays-with-a-private-chef\/","og_locale":"es_ES","og_type":"article","og_title":"Holidays in Mallorca with a Private Chef - Francesco Flavio Colucci","og_description":"There are so many advantages to having a private chef at home for Christmas that it will be difficult for you to resist.","og_url":"https:\/\/ffcolucci-chef.com\/es\/holidays-with-a-private-chef\/","og_site_name":"Francesco Flavio Colucci","article_publisher":"https:\/\/www.facebook.com\/ffcolucci\/","article_published_time":"2023-11-27T09:15:08+00:00","article_modified_time":"2023-11-27T09:23:29+00:00","og_image":[{"width":1920,"height":1080,"url":"https:\/\/ffcolucci-chef.com\/wp-content\/uploads\/2021\/02\/about-chef-francesco-colucci.jpg","type":"image\/jpeg"}],"author":"Francesco F. Colucci","twitter_card":"summary_large_image","twitter_misc":{"Escrito por":"Francesco F. Colucci","Tiempo de lectura":"6 minutos"},"schema":{"@context":"https:\/\/schema.org","@graph":[{"@type":"Article","@id":"https:\/\/ffcolucci-chef.com\/holidays-with-a-private-chef\/#article","isPartOf":{"@id":"https:\/\/ffcolucci-chef.com\/holidays-with-a-private-chef\/"},"author":{"name":"Francesco F. Colucci","@id":"https:\/\/ffcolucci-chef.com\/#\/schema\/person\/5452c3e1be8471e63f6cb6f01e0fbff8"},"headline":"Celebrating the Holidays in Mallorca with a Private Chef: all Fun and no Work","datePublished":"2023-11-27T09:15:08+00:00","dateModified":"2023-11-27T09:23:29+00:00","mainEntityOfPage":{"@id":"https:\/\/ffcolucci-chef.com\/holidays-with-a-private-chef\/"},"wordCount":1061,"commentCount":0,"publisher":{"@id":"https:\/\/ffcolucci-chef.com\/#organization"},"image":{"@id":"https:\/\/ffcolucci-chef.com\/holidays-with-a-private-chef\/#primaryimage"},"thumbnailUrl":"https:\/\/ffcolucci-chef.com\/wp-content\/uploads\/2021\/02\/about-chef-francesco-colucci.jpg","keywords":["catering","chef privado","holidays in mallorca","home delivery food","men\u00fa a domicilio","private chef","private event"],"articleSection":["Events","Press"],"inLanguage":"es","potentialAction":[{"@type":"CommentAction","name":"Comment","target":["https:\/\/ffcolucci-chef.com\/holidays-with-a-private-chef\/#respond"]}]},{"@type":"WebPage","@id":"https:\/\/ffcolucci-chef.com\/holidays-with-a-private-chef\/","url":"https:\/\/ffcolucci-chef.com\/holidays-with-a-private-chef\/","name":"Holidays in Mallorca with a Private Chef - Francesco Flavio Colucci","isPartOf":{"@id":"https:\/\/ffcolucci-chef.com\/#website"},"primaryImageOfPage":{"@id":"https:\/\/ffcolucci-chef.com\/holidays-with-a-private-chef\/#primaryimage"},"image":{"@id":"https:\/\/ffcolucci-chef.com\/holidays-with-a-private-chef\/#primaryimage"},"thumbnailUrl":"https:\/\/ffcolucci-chef.com\/wp-content\/uploads\/2021\/02\/about-chef-francesco-colucci.jpg","datePublished":"2023-11-27T09:15:08+00:00","dateModified":"2023-11-27T09:23:29+00:00","description":"There are so many advantages to having a private chef at home for Christmas that it will be difficult for you to resist.","breadcrumb":{"@id":"https:\/\/ffcolucci-chef.com\/holidays-with-a-private-chef\/#breadcrumb"},"inLanguage":"es","potentialAction":[{"@type":"ReadAction","target":["https:\/\/ffcolucci-chef.com\/holidays-with-a-private-chef\/"]}]},{"@type":"ImageObject","inLanguage":"es","@id":"https:\/\/ffcolucci-chef.com\/holidays-with-a-private-chef\/#primaryimage","url":"https:\/\/ffcolucci-chef.com\/wp-content\/uploads\/2021\/02\/about-chef-francesco-colucci.jpg","contentUrl":"https:\/\/ffcolucci-chef.com\/wp-content\/uploads\/2021\/02\/about-chef-francesco-colucci.jpg","width":1920,"height":1080,"caption":"satisfaction chef"},{"@type":"BreadcrumbList","@id":"https:\/\/ffcolucci-chef.com\/holidays-with-a-private-chef\/#breadcrumb","itemListElement":[{"@type":"ListItem","position":1,"name":"Home","item":"https:\/\/ffcolucci-chef.com\/"},{"@type":"ListItem","position":2,"name":"Celebrating the Holidays in Mallorca with a Private Chef: all Fun and no Work"}]},{"@type":"WebSite","@id":"https:\/\/ffcolucci-chef.com\/#website","url":"https:\/\/ffcolucci-chef.com\/","name":"Francesco Flavio Colucci.","description":"Private Chef Mallorca","publisher":{"@id":"https:\/\/ffcolucci-chef.com\/#organization"},"potentialAction":[{"@type":"SearchAction","target":{"@type":"EntryPoint","urlTemplate":"https:\/\/ffcolucci-chef.com\/?s={search_term_string}"},"query-input":{"@type":"PropertyValueSpecification","valueRequired":true,"valueName":"search_term_string"}}],"inLanguage":"es"},{"@type":"Organization","@id":"https:\/\/ffcolucci-chef.com\/#organization","name":"Fracnesco Flavio Colucci","url":"https:\/\/ffcolucci-chef.com\/","logo":{"@type":"ImageObject","inLanguage":"es","@id":"https:\/\/ffcolucci-chef.com\/#\/schema\/logo\/image\/","url":"https:\/\/ffcolucci-chef.com\/wp-content\/uploads\/2021\/02\/logo-chef-contact.png","contentUrl":"https:\/\/ffcolucci-chef.com\/wp-content\/uploads\/2021\/02\/logo-chef-contact.png","width":800,"height":400,"caption":"Fracnesco Flavio Colucci"},"image":{"@id":"https:\/\/ffcolucci-chef.com\/#\/schema\/logo\/image\/"},"sameAs":["https:\/\/www.facebook.com\/ffcolucci\/","https:\/\/www.instagram.com\/ffcolucci\/"]},{"@type":"Person","@id":"https:\/\/ffcolucci-chef.com\/#\/schema\/person\/5452c3e1be8471e63f6cb6f01e0fbff8","name":"Francesco F. Colucci","image":{"@type":"ImageObject","inLanguage":"es","@id":"https:\/\/ffcolucci-chef.com\/#\/schema\/person\/image\/","url":"https:\/\/ffcolucci-chef.com\/wp-content\/uploads\/2021\/02\/about-francesco-flavio-colucci-150x150.jpg","contentUrl":"https:\/\/ffcolucci-chef.com\/wp-content\/uploads\/2021\/02\/about-francesco-flavio-colucci-150x150.jpg","caption":"Francesco F. Colucci"},"sameAs":["http:\/\/ffcolucci-chef.com"],"url":"https:\/\/ffcolucci-chef.com\/es\/author\/admin\/"}]}},"_links":{"self":[{"href":"https:\/\/ffcolucci-chef.com\/es\/wp-json\/wp\/v2\/posts\/3208","targetHints":{"allow":["GET"]}}],"collection":[{"href":"https:\/\/ffcolucci-chef.com\/es\/wp-json\/wp\/v2\/posts"}],"about":[{"href":"https:\/\/ffcolucci-chef.com\/es\/wp-json\/wp\/v2\/types\/post"}],"author":[{"embeddable":true,"href":"https:\/\/ffcolucci-chef.com\/es\/wp-json\/wp\/v2\/users\/1"}],"replies":[{"embeddable":true,"href":"https:\/\/ffcolucci-chef.com\/es\/wp-json\/wp\/v2\/comments?post=3208"}],"version-history":[{"count":6,"href":"https:\/\/ffcolucci-chef.com\/es\/wp-json\/wp\/v2\/posts\/3208\/revisions"}],"predecessor-version":[{"id":3216,"href":"https:\/\/ffcolucci-chef.com\/es\/wp-json\/wp\/v2\/posts\/3208\/revisions\/3216"}],"wp:featuredmedia":[{"embeddable":true,"href":"https:\/\/ffcolucci-chef.com\/es\/wp-json\/wp\/v2\/media\/2790"}],"wp:attachment":[{"href":"https:\/\/ffcolucci-chef.com\/es\/wp-json\/wp\/v2\/media?parent=3208"}],"wp:term":[{"taxonomy":"category","embeddable":true,"href":"https:\/\/ffcolucci-chef.com\/es\/wp-json\/wp\/v2\/categories?post=3208"},{"taxonomy":"post_tag","embeddable":true,"href":"https:\/\/ffcolucci-chef.com\/es\/wp-json\/wp\/v2\/tags?post=3208"}],"curies":[{"name":"wp","href":"https:\/\/api.w.org\/{rel}","templated":true}]}}